{"id":1909,"global_id":"szolnok.lutheran.hu\/content?id=1909","global_id_lineage":["szolnok.lutheran.hu\/content?id=1909"],"author":"1","status":"publish","date":"2026-01-18 18:01:23","date_utc":"2026-01-18 17:01:23","modified":"2026-01-18 18:01:23","modified_utc":"2026-01-18 17:01:23","url":"https:\/\/szolnok.lutheran.hu\/content\/?tribe_events=istentisztelet-39","rest_url":"https:\/\/szolnok.lutheran.hu\/content\/index.php?rest_route=\/tribe\/events\/v1\/events\/1909","title":"Istentisztelet","description":"<p>Istentisztelet az \u00d6kumenikus imah\u00e9t keret\u00e9ben, a Szent J\u00f3zsef- r\u00f3mai katolikus templomban.<\/p>\n<p>Igehirdet\u0151: Gy\u0151ri P\u00e9ter Benj\u00e1min<\/p>","excerpt":"","slug":"istentisztelet-39","image":false,"all_day":false,"start_date":"2026-01-18 18:00:00","start_date_details":{"year":"2026","month":"01","day":"18","hour":"18","minutes":"00","seconds":"00"},"end_date":"2026-01-18 19:00:00","end_date_details":{"year":"2026","month":"01","day":"18","hour":"19","minutes":"00","seconds":"00"},"utc_start_date":"2026-01-18 17:00:00","utc_start_date_details":{"year":"2026","month":"01","day":"18","hour":"17","minutes":"00","seconds":"00"},"utc_end_date":"2026-01-18 18:00:00","utc_end_date_details":{"year":"2026","month":"01","day":"18","hour":"18","minutes":"00","seconds":"00"},"timezone":"Europe\/Budapest","timezone_abbr":"CET","cost":"","cost_details":{"currency_symbol":"Ft","currency_code":"HUF","currency_position":"suffix","values":[]},"website":"","show_map":true,"show_map_link":true,"hide_from_listings":false,"sticky":true,"featured":true,"categories":[{"name":"Istentiszteletek","slug":"istentiszteletek","term_group":0,"term_taxonomy_id":7,"taxonomy":"tribe_events_cat","description":"","parent":0,"count":52,"filter":"raw","id":7,"urls":{"self":"https:\/\/szolnok.lutheran.hu\/content\/index.php?rest_route=\/tribe\/events\/v1\/categories\/7","collection":"https:\/\/szolnok.lutheran.hu\/content\/index.php?rest_route=\/tribe\/events\/v1\/categories"}}],"tags":[],"venue":[],"organizer":[],"custom_fields":[],"json_ld":{"@context":"http:\/\/schema.org","@type":"Event","name":"Istentisztelet","description":"&lt;p&gt;Istentisztelet az \u00d6kumenikus imah\u00e9t keret\u00e9ben, a Szent J\u00f3zsef- r\u00f3mai katolikus templomban. Igehirdet\u0151: Gy\u0151ri P\u00e9ter Benj\u00e1min&lt;\/p&gt;\\n","url":"https:\/\/szolnok.lutheran.hu\/content\/?tribe_events=istentisztelet-39","eventAttendanceMode":"https:\/\/schema.org\/OfflineEventAttendanceMode","eventStatus":"https:\/\/schema.org\/EventScheduled","startDate":"2026-01-18T18:00:00+01:00","endDate":"2026-01-18T19:00:00+01:00","performer":"Organization"}}